{"id":5057,"date":"2022-10-17T11:29:54","date_gmt":"2022-10-17T09:29:54","guid":{"rendered":"https:\/\/www.improven.nl\/?p=5057"},"modified":"2022-10-17T12:09:59","modified_gmt":"2022-10-17T10:09:59","slug":"jenv-heeft-aef-en-improven-gevraagd-de-kosten-voor-gemeenten-van-opvang-van-oekrainers-te-onderzoeken","status":"publish","type":"post","link":"https:\/\/www.improven.nl\/en\/uncategorized\/jenv-heeft-aef-en-improven-gevraagd-de-kosten-voor-gemeenten-van-opvang-van-oekrainers-te-onderzoeken\/","title":{"rendered":"JenV has asked AEF and Improven to investigate the cost to municipalities of hosting Ukrainians"},"content":{"rendered":"<p>Reception of Ukrainians is a new task for Dutch municipalities From 24 February 2022, large numbers of Ukrainians fled the war in their country. Tens of thousands of them came to the Netherlands. Municipalities were given a major role in receiving these displaced persons.<\/p>\n<p>The Regulation on Reception of Displaced Persons Ukraine described the duties of municipalities. Municipalities started receiving Ukrainians according to the Municipal Reception of Ukrainians (GOO). In addition, they were given a role in the Private Reception of Ukrainians. This entailed costs for municipalities. For this, they were funded by the state. Research should show what costs municipalities incur for this. Until now, municipalities received a reimbursement of \u20ac100 per day per shelter realised in the GOO. That standard amount was set at the beginning of the crisis, at a time when there was little insight into the exact costs incurred by municipalities. Several months on, there is now a need for better substantiation and compensation that better reflects the costs incurred. This should look at compensation that is appropriate in the longer term, taking into account<br \/>\ntaken into account differences in costs between municipalities and the evolution of costs. The Ministry of JenV asked Andersson Elffers Felix (AEF) and Improven to study these costs.<\/p>\n<p>AEF and Improven conducted the research for JenV. The research question consisted of two parts:<\/p>\n<ul>\n<li>An expert analysis of shelter costs that should show what is a realistic allowance per displaced person per day<\/li>\n<li>An expert analysis for the extent of costs incurred by a municipality per registered displaced person per day for the implementation costs of the POO<\/li>\n<\/ul>\n<p>The brief consisted of:<\/p>\n<ul>\n<li>Understanding the real costs incurred by municipalities for the GOO and POO<\/li>\n<li>Understanding the different components, distinguishing between GOO and POO<\/li>\n<li>Propose a system of funding<\/li>\n<\/ul>\n<p>The aim of the study was to objectively and substantively identify the costs incurred by municipalities for the GOO and POO and how best to compensate them. It was not aimed at making savings or efficiency gains. The client of the study was the Ministry of JenV. The study was guided by a steering committee and sounding board group.<\/p>\n<p>You can see the results of this survey <strong><a href=\"https:\/\/www.rijksoverheid.nl\/ministeries\/ministerie-van-justitie-en-veiligheid\/documenten\/rapporten\/2022\/10\/14\/tk-bijlage-3-definitief-rapport-kosten-opvang-oekrainers-aef-en-improven\" target=\"_blank\" rel=\"noopener\">here<\/a><\/strong> find.<\/p>","protected":false},"excerpt":{"rendered":"<p>De opvang van Oekra\u00efners is een nieuwe taak voor Nederlandse gemeenten Vanaf 24 februari 2022 ontvluchtten grote aantallen Oekra\u00efners de oorlog in hun land. Tienduizenden van hen kwamen naar Nederland. Gemeenten kregen een grote rol bij de opvang van deze ontheemden. De Regeling opvang ontheemden Oekra\u00efne beschreef de taken van gemeenten. Gemeenten gingen Oekra\u00efners opvangen [&#8230;]\n","protected":false},"author":3,"featured_media":5059,"comment_status":"closed","ping_status":"closed","sticky":false,"template":"","format":"standard","meta":{"cybocfi_hide_featured_image":"","footnotes":""},"categories":[1,7],"tags":[],"class_list":["post-5057","post","type-post","status-publish","format-standard","has-post-thumbnail","hentry","category-uncategorized","category-nieuws"],"yoast_head":"<!-- This site is optimized with the Yoast SEO Premium plugin v27.3 (Yoast SEO v27.3) - https:\/\/yoast.com\/product\/yoast-seo-premium-wordpress\/ -->\n<title>JenV heeft AEF en Improven gevraagd de kosten voor gemeenten van opvang van Oekra\u00efners te onderzoeken - Improven<\/title>\n<meta name=\"robots\" content=\"index, follow, max-snippet:-1, max-image-preview:large, max-video-preview:-1\" \/>\n<link rel=\"canonical\" href=\"https:\/\/www.improven.nl\/en\/uncategorised\/jenv-heeft-aef-en-improven-gevraagd-de-kosten-voor-gemeenten-van-opvang-van-oekrainers-te-onderzoeken\/\" \/>\n<meta property=\"og:locale\" content=\"en_GB\" \/>\n<meta property=\"og:type\" content=\"article\" \/>\n<meta property=\"og:title\" content=\"JenV heeft AEF en Improven gevraagd de kosten voor gemeenten van opvang van Oekra\u00efners te onderzoeken\" \/>\n<meta property=\"og:description\" content=\"De opvang van Oekra\u00efners is een nieuwe taak voor Nederlandse gemeenten Vanaf 24 februari 2022 ontvluchtten grote aantallen Oekra\u00efners de oorlog in hun land. Tienduizenden van hen kwamen naar Nederland. Gemeenten kregen een grote rol bij de opvang van deze ontheemden. De Regeling opvang ontheemden Oekra\u00efne beschreef de taken van gemeenten. Gemeenten gingen Oekra\u00efners opvangen [...]\" \/>\n<meta property=\"og:url\" content=\"https:\/\/www.improven.nl\/en\/uncategorised\/jenv-heeft-aef-en-improven-gevraagd-de-kosten-voor-gemeenten-van-opvang-van-oekrainers-te-onderzoeken\/\" \/>\n<meta property=\"og:site_name\" content=\"Improven\" \/>\n<meta property=\"article:publisher\" content=\"https:\/\/www.facebook.com\/profile.php?id=100063733158708\" \/>\n<meta property=\"article:published_time\" content=\"2022-10-17T09:29:54+00:00\" \/>\n<meta property=\"article:modified_time\" content=\"2022-10-17T10:09:59+00:00\" \/>\n<meta property=\"og:image\" content=\"https:\/\/www.improven.nl\/wp-content\/uploads\/2022\/10\/vluchtelingen-oekraine.jpg\" \/>\n\t<meta property=\"og:image:width\" content=\"1024\" \/>\n\t<meta property=\"og:image:height\" content=\"768\" \/>\n\t<meta property=\"og:image:type\" content=\"image\/jpeg\" \/>\n<meta name=\"author\" content=\"michel\" \/>\n<meta name=\"twitter:card\" content=\"summary_large_image\" \/>\n<meta name=\"twitter:label1\" content=\"Written by\" \/>\n\t<meta name=\"twitter:data1\" content=\"michel\" \/>\n\t<meta name=\"twitter:label2\" content=\"Estimated reading time\" \/>\n\t<meta name=\"twitter:data2\" content=\"2 minutes\" \/>\n<script type=\"application\/ld+json\" class=\"yoast-schema-graph\">{\"@context\":\"https:\\\/\\\/schema.org\",\"@graph\":[{\"@type\":\"Article\",\"@id\":\"https:\\\/\\\/www.improven.nl\\\/uncategorized\\\/jenv-heeft-aef-en-improven-gevraagd-de-kosten-voor-gemeenten-van-opvang-van-oekrainers-te-onderzoeken\\\/#article\",\"isPartOf\":{\"@id\":\"https:\\\/\\\/www.improven.nl\\\/uncategorized\\\/jenv-heeft-aef-en-improven-gevraagd-de-kosten-voor-gemeenten-van-opvang-van-oekrainers-te-onderzoeken\\\/\"},\"author\":{\"name\":\"michel\",\"@id\":\"https:\\\/\\\/www.improven.nl\\\/#\\\/schema\\\/person\\\/506efd4867361dc9291fda801b8b5274\"},\"headline\":\"JenV heeft AEF en Improven gevraagd de kosten voor gemeenten van opvang van Oekra\u00efners te onderzoeken\",\"datePublished\":\"2022-10-17T09:29:54+00:00\",\"dateModified\":\"2022-10-17T10:09:59+00:00\",\"mainEntityOfPage\":{\"@id\":\"https:\\\/\\\/www.improven.nl\\\/uncategorized\\\/jenv-heeft-aef-en-improven-gevraagd-de-kosten-voor-gemeenten-van-opvang-van-oekrainers-te-onderzoeken\\\/\"},\"wordCount\":396,\"publisher\":{\"@id\":\"https:\\\/\\\/www.improven.nl\\\/#organization\"},\"image\":{\"@id\":\"https:\\\/\\\/www.improven.nl\\\/uncategorized\\\/jenv-heeft-aef-en-improven-gevraagd-de-kosten-voor-gemeenten-van-opvang-van-oekrainers-te-onderzoeken\\\/#primaryimage\"},\"thumbnailUrl\":\"https:\\\/\\\/www.improven.nl\\\/wp-content\\\/uploads\\\/2022\\\/10\\\/vluchtelingen-oekraine.jpg\",\"articleSection\":[\"Uncategorized\",\"Nieuws\"],\"inLanguage\":\"en-GB\"},{\"@type\":\"WebPage\",\"@id\":\"https:\\\/\\\/www.improven.nl\\\/uncategorized\\\/jenv-heeft-aef-en-improven-gevraagd-de-kosten-voor-gemeenten-van-opvang-van-oekrainers-te-onderzoeken\\\/\",\"url\":\"https:\\\/\\\/www.improven.nl\\\/uncategorized\\\/jenv-heeft-aef-en-improven-gevraagd-de-kosten-voor-gemeenten-van-opvang-van-oekrainers-te-onderzoeken\\\/\",\"name\":\"JenV heeft AEF en Improven gevraagd de kosten voor gemeenten van opvang van Oekra\u00efners te onderzoeken - Improven\",\"isPartOf\":{\"@id\":\"https:\\\/\\\/www.improven.nl\\\/#website\"},\"primaryImageOfPage\":{\"@id\":\"https:\\\/\\\/www.improven.nl\\\/uncategorized\\\/jenv-heeft-aef-en-improven-gevraagd-de-kosten-voor-gemeenten-van-opvang-van-oekrainers-te-onderzoeken\\\/#primaryimage\"},\"image\":{\"@id\":\"https:\\\/\\\/www.improven.nl\\\/uncategorized\\\/jenv-heeft-aef-en-improven-gevraagd-de-kosten-voor-gemeenten-van-opvang-van-oekrainers-te-onderzoeken\\\/#primaryimage\"},\"thumbnailUrl\":\"https:\\\/\\\/www.improven.nl\\\/wp-content\\\/uploads\\\/2022\\\/10\\\/vluchtelingen-oekraine.jpg\",\"datePublished\":\"2022-10-17T09:29:54+00:00\",\"dateModified\":\"2022-10-17T10:09:59+00:00\",\"breadcrumb\":{\"@id\":\"https:\\\/\\\/www.improven.nl\\\/uncategorized\\\/jenv-heeft-aef-en-improven-gevraagd-de-kosten-voor-gemeenten-van-opvang-van-oekrainers-te-onderzoeken\\\/#breadcrumb\"},\"inLanguage\":\"en-GB\",\"potentialAction\":[{\"@type\":\"ReadAction\",\"target\":[\"https:\\\/\\\/www.improven.nl\\\/uncategorized\\\/jenv-heeft-aef-en-improven-gevraagd-de-kosten-voor-gemeenten-van-opvang-van-oekrainers-te-onderzoeken\\\/\"]}]},{\"@type\":\"ImageObject\",\"inLanguage\":\"en-GB\",\"@id\":\"https:\\\/\\\/www.improven.nl\\\/uncategorized\\\/jenv-heeft-aef-en-improven-gevraagd-de-kosten-voor-gemeenten-van-opvang-van-oekrainers-te-onderzoeken\\\/#primaryimage\",\"url\":\"https:\\\/\\\/www.improven.nl\\\/wp-content\\\/uploads\\\/2022\\\/10\\\/vluchtelingen-oekraine.jpg\",\"contentUrl\":\"https:\\\/\\\/www.improven.nl\\\/wp-content\\\/uploads\\\/2022\\\/10\\\/vluchtelingen-oekraine.jpg\",\"width\":1024,\"height\":768,\"caption\":\"Hungary-Beregsurany, 02.26.2022. Ukrainian families flee the war across the Hungarian border to a peaceful area.26.02.2022\"},{\"@type\":\"BreadcrumbList\",\"@id\":\"https:\\\/\\\/www.improven.nl\\\/uncategorized\\\/jenv-heeft-aef-en-improven-gevraagd-de-kosten-voor-gemeenten-van-opvang-van-oekrainers-te-onderzoeken\\\/#breadcrumb\",\"itemListElement\":[{\"@type\":\"ListItem\",\"position\":1,\"name\":\"Home\",\"item\":\"https:\\\/\\\/www.improven.nl\\\/\"},{\"@type\":\"ListItem\",\"position\":2,\"name\":\"JenV heeft AEF en Improven gevraagd de kosten voor gemeenten van opvang van Oekra\u00efners te onderzoeken\"}]},{\"@type\":\"WebSite\",\"@id\":\"https:\\\/\\\/www.improven.nl\\\/#website\",\"url\":\"https:\\\/\\\/www.improven.nl\\\/\",\"name\":\"Improven\",\"description\":\"Samen verbeteren we de prestaties van jouw organisatie!\",\"publisher\":{\"@id\":\"https:\\\/\\\/www.improven.nl\\\/#organization\"},\"potentialAction\":[{\"@type\":\"SearchAction\",\"target\":{\"@type\":\"EntryPoint\",\"urlTemplate\":\"https:\\\/\\\/www.improven.nl\\\/?s={search_term_string}\"},\"query-input\":{\"@type\":\"PropertyValueSpecification\",\"valueRequired\":true,\"valueName\":\"search_term_string\"}}],\"inLanguage\":\"en-GB\"},{\"@type\":\"Organization\",\"@id\":\"https:\\\/\\\/www.improven.nl\\\/#organization\",\"name\":\"Improven\",\"url\":\"https:\\\/\\\/www.improven.nl\\\/\",\"logo\":{\"@type\":\"ImageObject\",\"inLanguage\":\"en-GB\",\"@id\":\"https:\\\/\\\/www.improven.nl\\\/#\\\/schema\\\/logo\\\/image\\\/\",\"url\":\"https:\\\/\\\/www.improven.nl\\\/wp-content\\\/uploads\\\/2022\\\/07\\\/Afbeelding1.jpg\",\"contentUrl\":\"https:\\\/\\\/www.improven.nl\\\/wp-content\\\/uploads\\\/2022\\\/07\\\/Afbeelding1.jpg\",\"width\":495,\"height\":473,\"caption\":\"Improven\"},\"image\":{\"@id\":\"https:\\\/\\\/www.improven.nl\\\/#\\\/schema\\\/logo\\\/image\\\/\"},\"sameAs\":[\"https:\\\/\\\/www.facebook.com\\\/profile.php?id=100063733158708\"]},{\"@type\":\"Person\",\"@id\":\"https:\\\/\\\/www.improven.nl\\\/#\\\/schema\\\/person\\\/506efd4867361dc9291fda801b8b5274\",\"name\":\"michel\",\"image\":{\"@type\":\"ImageObject\",\"inLanguage\":\"en-GB\",\"@id\":\"https:\\\/\\\/secure.gravatar.com\\\/avatar\\\/c7c0dca2cb98f67d656ba895116340578ad66a082c349d786b7fffc5edd06ce6?s=96&d=mm&r=g\",\"url\":\"https:\\\/\\\/secure.gravatar.com\\\/avatar\\\/c7c0dca2cb98f67d656ba895116340578ad66a082c349d786b7fffc5edd06ce6?s=96&d=mm&r=g\",\"contentUrl\":\"https:\\\/\\\/secure.gravatar.com\\\/avatar\\\/c7c0dca2cb98f67d656ba895116340578ad66a082c349d786b7fffc5edd06ce6?s=96&d=mm&r=g\",\"caption\":\"michel\"}}]}<\/script>\n<!-- \/ Yoast SEO Premium plugin. -->","yoast_head_json":{"title":"JenV has asked AEF and Improven to investigate the cost to municipalities of hosting Ukrainians - Improven","robots":{"index":"index","follow":"follow","max-snippet":"max-snippet:-1","max-image-preview":"max-image-preview:large","max-video-preview":"max-video-preview:-1"},"canonical":"https:\/\/www.improven.nl\/en\/uncategorised\/jenv-heeft-aef-en-improven-gevraagd-de-kosten-voor-gemeenten-van-opvang-van-oekrainers-te-onderzoeken\/","og_locale":"en_GB","og_type":"article","og_title":"JenV heeft AEF en Improven gevraagd de kosten voor gemeenten van opvang van Oekra\u00efners te onderzoeken","og_description":"De opvang van Oekra\u00efners is een nieuwe taak voor Nederlandse gemeenten Vanaf 24 februari 2022 ontvluchtten grote aantallen Oekra\u00efners de oorlog in hun land. Tienduizenden van hen kwamen naar Nederland. Gemeenten kregen een grote rol bij de opvang van deze ontheemden. De Regeling opvang ontheemden Oekra\u00efne beschreef de taken van gemeenten. Gemeenten gingen Oekra\u00efners opvangen [...]","og_url":"https:\/\/www.improven.nl\/en\/uncategorised\/jenv-heeft-aef-en-improven-gevraagd-de-kosten-voor-gemeenten-van-opvang-van-oekrainers-te-onderzoeken\/","og_site_name":"Improven","article_publisher":"https:\/\/www.facebook.com\/profile.php?id=100063733158708","article_published_time":"2022-10-17T09:29:54+00:00","article_modified_time":"2022-10-17T10:09:59+00:00","og_image":[{"width":1024,"height":768,"url":"https:\/\/www.improven.nl\/wp-content\/uploads\/2022\/10\/vluchtelingen-oekraine.jpg","type":"image\/jpeg"}],"author":"michel","twitter_card":"summary_large_image","twitter_misc":{"Written by":"michel","Estimated reading time":"2 minutes"},"schema":{"@context":"https:\/\/schema.org","@graph":[{"@type":"Article","@id":"https:\/\/www.improven.nl\/uncategorized\/jenv-heeft-aef-en-improven-gevraagd-de-kosten-voor-gemeenten-van-opvang-van-oekrainers-te-onderzoeken\/#article","isPartOf":{"@id":"https:\/\/www.improven.nl\/uncategorized\/jenv-heeft-aef-en-improven-gevraagd-de-kosten-voor-gemeenten-van-opvang-van-oekrainers-te-onderzoeken\/"},"author":{"name":"michel","@id":"https:\/\/www.improven.nl\/#\/schema\/person\/506efd4867361dc9291fda801b8b5274"},"headline":"JenV heeft AEF en Improven gevraagd de kosten voor gemeenten van opvang van Oekra\u00efners te onderzoeken","datePublished":"2022-10-17T09:29:54+00:00","dateModified":"2022-10-17T10:09:59+00:00","mainEntityOfPage":{"@id":"https:\/\/www.improven.nl\/uncategorized\/jenv-heeft-aef-en-improven-gevraagd-de-kosten-voor-gemeenten-van-opvang-van-oekrainers-te-onderzoeken\/"},"wordCount":396,"publisher":{"@id":"https:\/\/www.improven.nl\/#organization"},"image":{"@id":"https:\/\/www.improven.nl\/uncategorized\/jenv-heeft-aef-en-improven-gevraagd-de-kosten-voor-gemeenten-van-opvang-van-oekrainers-te-onderzoeken\/#primaryimage"},"thumbnailUrl":"https:\/\/www.improven.nl\/wp-content\/uploads\/2022\/10\/vluchtelingen-oekraine.jpg","articleSection":["Uncategorized","Nieuws"],"inLanguage":"en-GB"},{"@type":"WebPage","@id":"https:\/\/www.improven.nl\/uncategorized\/jenv-heeft-aef-en-improven-gevraagd-de-kosten-voor-gemeenten-van-opvang-van-oekrainers-te-onderzoeken\/","url":"https:\/\/www.improven.nl\/uncategorized\/jenv-heeft-aef-en-improven-gevraagd-de-kosten-voor-gemeenten-van-opvang-van-oekrainers-te-onderzoeken\/","name":"JenV has asked AEF and Improven to investigate the cost to municipalities of hosting Ukrainians - Improven","isPartOf":{"@id":"https:\/\/www.improven.nl\/#website"},"primaryImageOfPage":{"@id":"https:\/\/www.improven.nl\/uncategorized\/jenv-heeft-aef-en-improven-gevraagd-de-kosten-voor-gemeenten-van-opvang-van-oekrainers-te-onderzoeken\/#primaryimage"},"image":{"@id":"https:\/\/www.improven.nl\/uncategorized\/jenv-heeft-aef-en-improven-gevraagd-de-kosten-voor-gemeenten-van-opvang-van-oekrainers-te-onderzoeken\/#primaryimage"},"thumbnailUrl":"https:\/\/www.improven.nl\/wp-content\/uploads\/2022\/10\/vluchtelingen-oekraine.jpg","datePublished":"2022-10-17T09:29:54+00:00","dateModified":"2022-10-17T10:09:59+00:00","breadcrumb":{"@id":"https:\/\/www.improven.nl\/uncategorized\/jenv-heeft-aef-en-improven-gevraagd-de-kosten-voor-gemeenten-van-opvang-van-oekrainers-te-onderzoeken\/#breadcrumb"},"inLanguage":"en-GB","potentialAction":[{"@type":"ReadAction","target":["https:\/\/www.improven.nl\/uncategorized\/jenv-heeft-aef-en-improven-gevraagd-de-kosten-voor-gemeenten-van-opvang-van-oekrainers-te-onderzoeken\/"]}]},{"@type":"ImageObject","inLanguage":"en-GB","@id":"https:\/\/www.improven.nl\/uncategorized\/jenv-heeft-aef-en-improven-gevraagd-de-kosten-voor-gemeenten-van-opvang-van-oekrainers-te-onderzoeken\/#primaryimage","url":"https:\/\/www.improven.nl\/wp-content\/uploads\/2022\/10\/vluchtelingen-oekraine.jpg","contentUrl":"https:\/\/www.improven.nl\/wp-content\/uploads\/2022\/10\/vluchtelingen-oekraine.jpg","width":1024,"height":768,"caption":"Hungary-Beregsurany, 02.26.2022. Ukrainian families flee the war across the Hungarian border to a peaceful area.26.02.2022"},{"@type":"BreadcrumbList","@id":"https:\/\/www.improven.nl\/uncategorized\/jenv-heeft-aef-en-improven-gevraagd-de-kosten-voor-gemeenten-van-opvang-van-oekrainers-te-onderzoeken\/#breadcrumb","itemListElement":[{"@type":"ListItem","position":1,"name":"Home","item":"https:\/\/www.improven.nl\/"},{"@type":"ListItem","position":2,"name":"JenV heeft AEF en Improven gevraagd de kosten voor gemeenten van opvang van Oekra\u00efners te onderzoeken"}]},{"@type":"WebSite","@id":"https:\/\/www.improven.nl\/#website","url":"https:\/\/www.improven.nl\/","name":"Improven","description":"Together, we improve your organisation's performance!","publisher":{"@id":"https:\/\/www.improven.nl\/#organization"},"potentialAction":[{"@type":"SearchAction","target":{"@type":"EntryPoint","urlTemplate":"https:\/\/www.improven.nl\/?s={search_term_string}"},"query-input":{"@type":"PropertyValueSpecification","valueRequired":true,"valueName":"search_term_string"}}],"inLanguage":"en-GB"},{"@type":"Organization","@id":"https:\/\/www.improven.nl\/#organization","name":"Improven","url":"https:\/\/www.improven.nl\/","logo":{"@type":"ImageObject","inLanguage":"en-GB","@id":"https:\/\/www.improven.nl\/#\/schema\/logo\/image\/","url":"https:\/\/www.improven.nl\/wp-content\/uploads\/2022\/07\/Afbeelding1.jpg","contentUrl":"https:\/\/www.improven.nl\/wp-content\/uploads\/2022\/07\/Afbeelding1.jpg","width":495,"height":473,"caption":"Improven"},"image":{"@id":"https:\/\/www.improven.nl\/#\/schema\/logo\/image\/"},"sameAs":["https:\/\/www.facebook.com\/profile.php?id=100063733158708"]},{"@type":"Person","@id":"https:\/\/www.improven.nl\/#\/schema\/person\/506efd4867361dc9291fda801b8b5274","name":"michel","image":{"@type":"ImageObject","inLanguage":"en-GB","@id":"https:\/\/secure.gravatar.com\/avatar\/c7c0dca2cb98f67d656ba895116340578ad66a082c349d786b7fffc5edd06ce6?s=96&d=mm&r=g","url":"https:\/\/secure.gravatar.com\/avatar\/c7c0dca2cb98f67d656ba895116340578ad66a082c349d786b7fffc5edd06ce6?s=96&d=mm&r=g","contentUrl":"https:\/\/secure.gravatar.com\/avatar\/c7c0dca2cb98f67d656ba895116340578ad66a082c349d786b7fffc5edd06ce6?s=96&d=mm&r=g","caption":"michel"}}]}},"_links":{"self":[{"href":"https:\/\/www.improven.nl\/en\/wp-json\/wp\/v2\/posts\/5057","targetHints":{"allow":["GET"]}}],"collection":[{"href":"https:\/\/www.improven.nl\/en\/wp-json\/wp\/v2\/posts"}],"about":[{"href":"https:\/\/www.improven.nl\/en\/wp-json\/wp\/v2\/types\/post"}],"author":[{"embeddable":true,"href":"https:\/\/www.improven.nl\/en\/wp-json\/wp\/v2\/users\/3"}],"replies":[{"embeddable":true,"href":"https:\/\/www.improven.nl\/en\/wp-json\/wp\/v2\/comments?post=5057"}],"version-history":[{"count":5,"href":"https:\/\/www.improven.nl\/en\/wp-json\/wp\/v2\/posts\/5057\/revisions"}],"predecessor-version":[{"id":5071,"href":"https:\/\/www.improven.nl\/en\/wp-json\/wp\/v2\/posts\/5057\/revisions\/5071"}],"wp:featuredmedia":[{"embeddable":true,"href":"https:\/\/www.improven.nl\/en\/wp-json\/wp\/v2\/media\/5059"}],"wp:attachment":[{"href":"https:\/\/www.improven.nl\/en\/wp-json\/wp\/v2\/media?parent=5057"}],"wp:term":[{"taxonomy":"category","embeddable":true,"href":"https:\/\/www.improven.nl\/en\/wp-json\/wp\/v2\/categories?post=5057"},{"taxonomy":"post_tag","embeddable":true,"href":"https:\/\/www.improven.nl\/en\/wp-json\/wp\/v2\/tags?post=5057"}],"curies":[{"name":"wp","href":"https:\/\/api.w.org\/{rel}","templated":true}]}}